{"id":3477,"date":"2024-09-14T12:00:02","date_gmt":"2024-09-14T10:00:02","guid":{"rendered":"https:\/\/gresol.org\/off-the-record-al-diari-de-tarragona\/"},"modified":"2024-09-14T12:00:02","modified_gmt":"2024-09-14T10:00:02","slug":"off-the-record-al-diari-de-tarragona","status":"publish","type":"post","link":"https:\/\/gresol.org\/es\/off-the-record-al-diari-de-tarragona\/","title":{"rendered":"\u00abOff the record\u00bb al Diari de Tarragona"},"content":{"rendered":"<p>Organitzat des de Gresol Jove, i acompanyats per prop duna cinquantena d&#8217;empresaris i empres\u00e0ries del Camp de Tarragona, aquest dimarts 17 de setembre vam fer un afterwork a la seu del <a class=\"app-aware-link \" href=\"https:\/\/www.linkedin.com\/company\/diari-de-tarragona\/\" target=\"_self\" rel=\"noopener\" data-test-app-aware-link=\"\">Diari de Tarragona<\/a>.<br \/>\nL&#8217;acte anomenat \u00abOff the record\u00bb, forma part d&#8217;un cicle de trobades de petit format on els participants vam poder con\u00e8ixer de primera m\u00e0 les interioritats del sector dels mitjans de comunicaci\u00f3, que busca la interacci\u00f3 entre els professionals de la comunicaci\u00f3 i els participants. A la vegada, vam visitar les instal\u00b7lacions del Diari. Una cap\u00e7alera de premsa amb dos-cents quinze anys d&#8217;hist\u00f2ria i referent d&#8217;informaci\u00f3 al sud de Catalunya.<br \/>\nEn aquesta sessi\u00f3 ens van acompanyar la directora del Diari, <a id=\"ember3672\" class=\"ember-view\" href=\"https:\/\/www.linkedin.com\/in\/nat%C3%A0lia-rodr%C3%ADguez-1122b619\/\">Nat\u00e0lia Rodr\u00edguez<\/a>, el responsable del suplement &#8216;Economia &amp; Empreses&#8217;, <a id=\"ember3673\" class=\"ember-view\" href=\"https:\/\/www.linkedin.com\/in\/rafaelserventarraco\/\">Rafael Servent Arrac\u00f3<\/a> i del director comercial i de m\u00e0rqueting, <a id=\"ember3674\" class=\"ember-view\" href=\"https:\/\/www.linkedin.com\/in\/carlos-amil\/\">Carlos Amil Garcia<\/a>.<br \/>\nL&#8217;acte va finalitzar tot fent networking, entre tots els assistents.<\/p>\n","protected":false},"excerpt":{"rendered":"<p>Organitzat des de Gresol Jove, i acompanyats per prop duna  [&#8230;]<\/p>\n","protected":false},"author":4,"featured_media":3475,"comment_status":"open","ping_status":"open","sticky":false,"template":"","format":"standard","meta":{"_price":"","_stock":"","_tribe_ticket_header":"","_tribe_default_ticket_provider":"","_tribe_ticket_capacity":"0","_ticket_start_date":"","_ticket_end_date":"","_tribe_ticket_show_description":"","_tribe_ticket_show_not_going":false,"_tribe_ticket_use_global_stock":"","_tribe_ticket_global_stock_level":"","_global_stock_mode":"","_global_stock_cap":"","_tribe_rsvp_for_event":"","_tribe_ticket_going_count":"","_tribe_ticket_not_going_count":"","_tribe_tickets_list":"[]","_tribe_ticket_has_attendee_info_fields":false,"footnotes":""},"categories":[22],"tags":[],"class_list":["post-3477","post","type-post","status-publish","format-standard","has-post-thumbnail","hentry","category-sin-categorizar"],"_links":{"self":[{"href":"https:\/\/gresol.org\/es\/wp-json\/wp\/v2\/posts\/3477","targetHints":{"allow":["GET"]}}],"collection":[{"href":"https:\/\/gresol.org\/es\/wp-json\/wp\/v2\/posts"}],"about":[{"href":"https:\/\/gresol.org\/es\/wp-json\/wp\/v2\/types\/post"}],"author":[{"embeddable":true,"href":"https:\/\/gresol.org\/es\/wp-json\/wp\/v2\/users\/4"}],"replies":[{"embeddable":true,"href":"https:\/\/gresol.org\/es\/wp-json\/wp\/v2\/comments?post=3477"}],"version-history":[{"count":0,"href":"https:\/\/gresol.org\/es\/wp-json\/wp\/v2\/posts\/3477\/revisions"}],"wp:featuredmedia":[{"embeddable":true,"href":"https:\/\/gresol.org\/es\/wp-json\/wp\/v2\/media\/3475"}],"wp:attachment":[{"href":"https:\/\/gresol.org\/es\/wp-json\/wp\/v2\/media?parent=3477"}],"wp:term":[{"taxonomy":"category","embeddable":true,"href":"https:\/\/gresol.org\/es\/wp-json\/wp\/v2\/categories?post=3477"},{"taxonomy":"post_tag","embeddable":true,"href":"https:\/\/gresol.org\/es\/wp-json\/wp\/v2\/tags?post=3477"}],"curies":[{"name":"wp","href":"https:\/\/api.w.org\/{rel}","templated":true}]}}