{"id":1937,"global_id":"gresol.org\/es\/?id=1937","global_id_lineage":["gresol.org\/es\/?id=1937"],"author":"4","status":"publish","date":"2022-09-14 13:01:12","date_utc":"2022-09-14 11:01:12","modified":"2022-09-14 13:03:01","modified_utc":"2022-09-14 11:03:01","url":"https:\/\/gresol.org\/es\/event\/ix-jornada-gresol-2010\/","rest_url":"https:\/\/gresol.org\/es\/wp-json\/tribe\/events\/v1\/events\/1937","title":"IX Jornada Gresol 2010","description":"<p>La ciudad de Amposta acogi\u00f3 la IX Jornada Gresol, que se marc\u00f3 como reto definir estrategias para que los empresarios superaran la situaci\u00f3n de incertidumbre creada por la crisis econ\u00f3mica. La edici\u00f3n 2010 se estructur\u00f3 en dos mesas redondas y dos coloquios que tuvieron como hilo argumental buscar f\u00f3rmulas para conseguir el \u00e9xito empresarial en un contexto de recesi\u00f3n. En estos foros, participaron destacadas personalidades del mundo de la pol\u00edtica, la empresa y el conocimiento que aportaron sus valiosos puntos de vista. Entre otros, el que en aquel momento era candidato a la presidencia de la Generalitat, Artur Mas, y el prestigioso economista Andreu Mas-Colell, que posteriormente se incorporar\u00eda en el gobierno de Mas como consejero de Econom\u00eda. El presidente de PIMEC, Josep Gonz\u00e1lez, el catedr\u00e1tico Germ\u00e0 Bel y el abogado Miquel Roca fueron algunas de las figuras que tambi\u00e9n acompa\u00f1aron el presidente de la Fundaci\u00f3n Crisol, Antoni Pont, en unas sesiones de trabajo que se tradujeron en un an\u00e1lisis completo y heterodoxa del momento econ\u00f3mico.<\/p>","excerpt":"","slug":"ix-jornada-gresol-2010","image":false,"all_day":false,"start_date":"2012-09-30 08:00:00","start_date_details":{"year":"2012","month":"09","day":"30","hour":"08","minutes":"00","seconds":"00"},"end_date":"2012-09-30 17:00:00","end_date_details":{"year":"2012","month":"09","day":"30","hour":"17","minutes":"00","seconds":"00"},"utc_start_date":"2012-09-30 06:00:00","utc_start_date_details":{"year":"2012","month":"09","day":"30","hour":"06","minutes":"00","seconds":"00"},"utc_end_date":"2012-09-30 15:00:00","utc_end_date_details":{"year":"2012","month":"09","day":"30","hour":"15","minutes":"00","seconds":"00"},"timezone":"Europe\/Madrid","timezone_abbr":"CEST","cost":"","cost_details":{"currency_symbol":"","currency_code":"","currency_position":"","values":[]},"website":"","show_map":true,"show_map_link":true,"hide_from_listings":false,"sticky":false,"featured":false,"categories":[{"name":"Jornada Gresol","slug":"jornada-gresol-es","term_group":0,"term_taxonomy_id":33,"taxonomy":"tribe_events_cat","description":"","parent":0,"count":22,"filter":"raw","id":33,"urls":{"self":"https:\/\/gresol.org\/es\/wp-json\/tribe\/events\/v1\/categories\/33","collection":"https:\/\/gresol.org\/es\/wp-json\/tribe\/events\/v1\/categories"}}],"tags":[],"venue":[],"organizer":[],"custom_fields":[],"json_ld":{"@context":"http:\/\/schema.org","@type":"Event","name":"IX Jornada Gresol 2010","description":"&lt;p&gt;La ciudad de Amposta acogi\u00f3 la IX Jornada Gresol, que  [...]&lt;\/p&gt;\\n","url":"https:\/\/gresol.org\/es\/event\/ix-jornada-gresol-2010\/","eventAttendanceMode":"https:\/\/schema.org\/OfflineEventAttendanceMode","eventStatus":"https:\/\/schema.org\/EventScheduled","startDate":"2012-09-30T08:00:00+02:00","endDate":"2012-09-30T17:00:00+02:00","performer":"Organization"},"ticketed":false}